{"id":5743,"date":"2026-09-05T17:42:36","date_gmt":"2026-09-05T15:42:36","guid":{"rendered":"https:\/\/www.doppioaxel.it\/?p=5743"},"modified":"2026-09-05T17:44:17","modified_gmt":"2026-09-05T15:44:17","slug":"nazionali-spagnoli-bella-e-diez-si-confermano-campioni","status":"publish","type":"post","link":"https:\/\/www.doppioaxel.it\/?p=5743","title":{"rendered":"NAZIONALI SPAGNOLI &#8211; BELLA E DIEZ SI CONFERMANO CAMPIONI"},"content":{"rendered":"\n<p class=\"wp-block-paragraph\"><br><br><br>I Campionati Nazionali Spagnoli 2026 hanno avuto luogo in Catalogna e in particolare nella citt\u00e0 di Salou, una localit\u00e0 posta sulla cosiddetta \u201cCosta Daurada\u201d, a centro chilometri dalla pi\u00f9 nota Tarragona. Si pu\u00f2 dunque dire che si \u00e8 gareggiato in un ambito territoriale che nel movimento rotellistico spagnolo ha grande peso, essendo Salou molto vicina, per esempio, alla citt\u00e0 di Cunit, il cui locale club domina soprattutto nelle gare di gruppo. <\/p>\n\n\n\n<p class=\"wp-block-paragraph\">Nella foto <strong>Hector Diez (ESP)<\/strong><\/p>\n\n\n\n<figure class=\"wp-block-image size-large\"><img loading=\"lazy\" decoding=\"async\" width=\"683\" height=\"1024\" src=\"https:\/\/www.doppioaxel.it\/wp-content\/uploads\/NZ9_8840-1-683x1024.jpg\" alt=\"\" class=\"wp-image-5742\" srcset=\"https:\/\/www.doppioaxel.it\/wp-content\/uploads\/NZ9_8840-1-683x1024.jpg 683w, https:\/\/www.doppioaxel.it\/wp-content\/uploads\/NZ9_8840-1-200x300.jpg 200w, https:\/\/www.doppioaxel.it\/wp-content\/uploads\/NZ9_8840-1-768x1152.jpg 768w, https:\/\/www.doppioaxel.it\/wp-content\/uploads\/NZ9_8840-1-1024x1536.jpg 1024w, https:\/\/www.doppioaxel.it\/wp-content\/uploads\/NZ9_8840-1-1365x2048.jpg 1365w, https:\/\/www.doppioaxel.it\/wp-content\/uploads\/NZ9_8840-1-scaled.jpg 1707w\" sizes=\"auto, (max-width: 683px) 100vw, 683px\" \/><figcaption class=\"wp-element-caption\">Foto di Raniero Corbelletti<\/figcaption><\/figure>\n\n\n\n<p class=\"wp-block-paragraph\">E in effetti si pu\u00f2 a buona ragione affermare che il campione del mondo in carica Hector Diez, originario proprio di Cunit, \u00e8 stato profeta in patria, poich\u00e9 si \u00e8 aggiudicato il titolo perla terza volta consecutiva. La sua vittoria \u00e8 stata certamente favorita dall&#8217;assenza di Guillermo Gomez, recente trionfatore nella finale di Coppa del Mondo di Cesena, ma comunque non facile visto il livello del pattinaggio artistico spagnolo maschile. Non a caso, dopo aver primeggiato con netto margine nello short program, ha effettuato \u201csolo\u201d il secondo libero di giornata, prova che tuttavia gli ha garantito il titolo e la convocazione diretta per i Mondiali. <\/p>\n\n\n\n<p class=\"wp-block-paragraph\">Nella foto <strong>Arnau Perez (ESP)<\/strong><\/p>\n\n\n\n<figure class=\"wp-block-image size-large\"><img loading=\"lazy\" decoding=\"async\" width=\"682\" height=\"1024\" src=\"https:\/\/www.doppioaxel.it\/wp-content\/uploads\/15-S-ARNAU-PEREZ-MONTERO-ESP-RA1_8792-682x1024.jpg\" alt=\"\" class=\"wp-image-5741\" srcset=\"https:\/\/www.doppioaxel.it\/wp-content\/uploads\/15-S-ARNAU-PEREZ-MONTERO-ESP-RA1_8792-682x1024.jpg 682w, https:\/\/www.doppioaxel.it\/wp-content\/uploads\/15-S-ARNAU-PEREZ-MONTERO-ESP-RA1_8792-200x300.jpg 200w, https:\/\/www.doppioaxel.it\/wp-content\/uploads\/15-S-ARNAU-PEREZ-MONTERO-ESP-RA1_8792-768x1153.jpg 768w, https:\/\/www.doppioaxel.it\/wp-content\/uploads\/15-S-ARNAU-PEREZ-MONTERO-ESP-RA1_8792-1023x1536.jpg 1023w, https:\/\/www.doppioaxel.it\/wp-content\/uploads\/15-S-ARNAU-PEREZ-MONTERO-ESP-RA1_8792-1364x2048.jpg 1364w, https:\/\/www.doppioaxel.it\/wp-content\/uploads\/15-S-ARNAU-PEREZ-MONTERO-ESP-RA1_8792-scaled.jpg 1706w\" sizes=\"auto, (max-width: 682px) 100vw, 682px\" \/><figcaption class=\"wp-element-caption\">Foto di Raniero Corbelletti<\/figcaption><\/figure>\n\n\n\n<p class=\"wp-block-paragraph\">A vincere il libero e a guadagnare il secondo posto \u00e8 stato l&#8217;elegantissimo pattinatore galiziano Unai Cereijo, al primo anno nella categoria assoluta. Posto che Gomez, vincendo la Coppa del Mondo, \u00e8 stato anticipatamente convocato per i Mondiali, Cereijo si dovr\u00e0 aggiudicare l&#8217;ultimo posto disponibile nella selezione spagnola in sede di Campionati Europei, dove dovr\u00e0 confrontarsi con due eccellenti pattinatori, Lucas Yanez, bronzo ai Mondiali di Rimini 2024, e Arnau Perez, argento a quelli di Pechino lo scorso anno. <\/p>\n\n\n\n<p class=\"wp-block-paragraph\">Nella foto <strong>Sira Bella (ESP)<\/strong><\/p>\n\n\n\n<figure class=\"wp-block-image size-large\"><img loading=\"lazy\" decoding=\"async\" width=\"1024\" height=\"683\" src=\"https:\/\/www.doppioaxel.it\/wp-content\/uploads\/14-3-L-SIRA-BELLA-GALLARDO-ESP-RA1_2205-2-1024x683.jpg\" alt=\"\" class=\"wp-image-5739\" srcset=\"https:\/\/www.doppioaxel.it\/wp-content\/uploads\/14-3-L-SIRA-BELLA-GALLARDO-ESP-RA1_2205-2-1024x683.jpg 1024w, https:\/\/www.doppioaxel.it\/wp-content\/uploads\/14-3-L-SIRA-BELLA-GALLARDO-ESP-RA1_2205-2-300x200.jpg 300w, https:\/\/www.doppioaxel.it\/wp-content\/uploads\/14-3-L-SIRA-BELLA-GALLARDO-ESP-RA1_2205-2-768x512.jpg 768w, https:\/\/www.doppioaxel.it\/wp-content\/uploads\/14-3-L-SIRA-BELLA-GALLARDO-ESP-RA1_2205-2-1536x1024.jpg 1536w, https:\/\/www.doppioaxel.it\/wp-content\/uploads\/14-3-L-SIRA-BELLA-GALLARDO-ESP-RA1_2205-2-2048x1366.jpg 2048w, https:\/\/www.doppioaxel.it\/wp-content\/uploads\/14-3-L-SIRA-BELLA-GALLARDO-ESP-RA1_2205-2-360x240.jpg 360w\" sizes=\"auto, (max-width: 1024px) 100vw, 1024px\" \/><figcaption class=\"wp-element-caption\">Foto di Raniero Corbelletti<\/figcaption><\/figure>\n\n\n\n<p class=\"wp-block-paragraph\">A conferma del suo eccellente stato di forma, Sira Bella ha trionfato nel settore femminile, confermando il salto di qualit\u00e0 compiuto in stagione: se \u00e8 pur vero che la giuria, ovviamente tutta spagnola, ha abbondato nella valutazione delle sue prove, \u00e8 indubbio che la pattinatrice catalana appare l&#8217;unica a livello mondiale a potersi in qualche modo avvicinare alla fuoriclasse portoghese Madalena Costa. A Salou, dietro di lei, ha conquistato la seconda posizione e dunque la convocazione diretta per i Mondiali Paula Roman, che nel libero ha rimontato Elna Frances, gi\u00e0 campionessa nazionale 2024. La Frances, bronzo mondiale a Rimini 2024, dovr\u00e0 dunque confrontarsi agli Europei con la quarta classificata, Mar Cajal, peraltro ampiamente distanziata in termini di punti. A Ponte di Legno sar\u00e0 comunque in gara anche Sira Bella, cos\u00ec da affrontare per la terza volta in stagione la Costa. <\/p>\n\n\n\n<p class=\"wp-block-paragraph\">Nella foto <strong>Elna Frances (ESP)<\/strong><\/p>\n\n\n\n<figure class=\"wp-block-image size-large\"><img loading=\"lazy\" decoding=\"async\" width=\"1024\" height=\"683\" src=\"https:\/\/www.doppioaxel.it\/wp-content\/uploads\/ELNA-FRANCES-MARIN-1-1024x683.jpg\" alt=\"\" class=\"wp-image-5745\" srcset=\"https:\/\/www.doppioaxel.it\/wp-content\/uploads\/ELNA-FRANCES-MARIN-1-1024x683.jpg 1024w, https:\/\/www.doppioaxel.it\/wp-content\/uploads\/ELNA-FRANCES-MARIN-1-300x200.jpg 300w, https:\/\/www.doppioaxel.it\/wp-content\/uploads\/ELNA-FRANCES-MARIN-1-768x512.jpg 768w, https:\/\/www.doppioaxel.it\/wp-content\/uploads\/ELNA-FRANCES-MARIN-1-1536x1024.jpg 1536w, https:\/\/www.doppioaxel.it\/wp-content\/uploads\/ELNA-FRANCES-MARIN-1-2048x1365.jpg 2048w, https:\/\/www.doppioaxel.it\/wp-content\/uploads\/ELNA-FRANCES-MARIN-1-360x240.jpg 360w\" sizes=\"auto, (max-width: 1024px) 100vw, 1024px\" \/><figcaption class=\"wp-element-caption\">Foto di Raniero Corbelletti<\/figcaption><\/figure>\n\n\n\n<p class=\"wp-block-paragraph\">Le gare delle coppie e della danza si sono invece disputate a Alhaurin de la Torre, piccola citt\u00e0 dell&#8217;Andalusia, regione da cui proviene la coppia di danza formata da Julia Rodriguez\/Alejandro Rios, giunta al titolo dopo essere stata seconda lo scorso anno. La coppia andalusa si \u00e8 dunque qualificata sia per gli Europei che per i Mondiali, competizioni in cui non sar\u00e0 accompagnata da nessun binomio, visto che le coppie classificate in seconda e terza posizione, rispettivamente Maria Bilbao\/Iago Cacheiro e Lara Gonzalez\/Marcos Peiro non hanno oltrepassato la soglia dei cento punti totali, giudicata spartiacque non solo in termini numerici, ma anche tecnici per avere possibilit\u00e0 di ben figurare ai pi\u00f9 alti livelli. La grande novit\u00e0 sar\u00e0 invece la presenza nelle due grandi competizioni citate di una coppia di artistico spagnola: se a livello europeo ci\u00f2 si era gi\u00e0 verificato non molti anni fa, a livello mondiale si tratta di una ver\u00e0 novit\u00e0. A gareggiare ad Asuncion saranno i vincitori del titolo nazionale ovvero i fratelli galiziani Marta e Adrian Blanco, mentre agli Europei saranno in lizza i secondi classificati, ovvero Adsebuma Mejias\/Miguel Prieto, originari delle Canarie, bravi a confinare sul terzo gradino del podio i campioni nazionali 2024 Sheila Alonso\/Cristian Poveda, coppia proveniente dalla regione della Cantabria.<\/p>\n","protected":false},"excerpt":{"rendered":"<p>I Campionati Nazionali Spagnoli 2026 hanno avuto luogo in Catalogna e in particolare nella citt\u00e0 di Salou, una localit\u00e0 posta sulla cosiddetta \u201cCosta Daurada\u201d, a centro chilometri dalla pi\u00f9 nota Tarragona. Si pu\u00f2 dunque dire che si \u00e8 gareggiato in un ambito territoriale che nel movimento rotellistico spagnolo ha grande [&hellip;]<\/p>\n","protected":false},"author":2,"featured_media":5739,"comment_status":"closed","ping_status":"closed","sticky":false,"template":"","format":"standard","meta":{"ngg_post_thumbnail":0,"footnotes":""},"categories":[8,14],"tags":[],"class_list":["post-5743","post","type-post","status-publish","format-standard","has-post-thumbnail","hentry","category-pattinaggio-a-rotelle","category-rotelle"],"_links":{"self":[{"href":"https:\/\/www.doppioaxel.it\/index.php?rest_route=\/wp\/v2\/posts\/5743","targetHints":{"allow":["GET"]}}],"collection":[{"href":"https:\/\/www.doppioaxel.it\/index.php?rest_route=\/wp\/v2\/posts"}],"about":[{"href":"https:\/\/www.doppioaxel.it\/index.php?rest_route=\/wp\/v2\/types\/post"}],"author":[{"embeddable":true,"href":"https:\/\/www.doppioaxel.it\/index.php?rest_route=\/wp\/v2\/users\/2"}],"replies":[{"embeddable":true,"href":"https:\/\/www.doppioaxel.it\/index.php?rest_route=%2Fwp%2Fv2%2Fcomments&post=5743"}],"version-history":[{"count":2,"href":"https:\/\/www.doppioaxel.it\/index.php?rest_route=\/wp\/v2\/posts\/5743\/revisions"}],"predecessor-version":[{"id":5746,"href":"https:\/\/www.doppioaxel.it\/index.php?rest_route=\/wp\/v2\/posts\/5743\/revisions\/5746"}],"wp:featuredmedia":[{"embeddable":true,"href":"https:\/\/www.doppioaxel.it\/index.php?rest_route=\/wp\/v2\/media\/5739"}],"wp:attachment":[{"href":"https:\/\/www.doppioaxel.it\/index.php?rest_route=%2Fwp%2Fv2%2Fmedia&parent=5743"}],"wp:term":[{"taxonomy":"category","embeddable":true,"href":"https:\/\/www.doppioaxel.it\/index.php?rest_route=%2Fwp%2Fv2%2Fcategories&post=5743"},{"taxonomy":"post_tag","embeddable":true,"href":"https:\/\/www.doppioaxel.it\/index.php?rest_route=%2Fwp%2Fv2%2Ftags&post=5743"}],"curies":[{"name":"wp","href":"https:\/\/api.w.org\/{rel}","templated":true}]}}